{"id":1263,"date":"2016-09-11T23:00:00","date_gmt":"2016-09-12T04:00:00","guid":{"rendered":"https:\/\/solaruniquartier.com\/?p=1263"},"modified":"2020-01-13T15:45:29","modified_gmt":"2020-01-13T20:45:29","slug":"official-launch-of-solar-uniquartier","status":"publish","type":"post","link":"https:\/\/solaruniquartier.com\/en\/official-launch-of-solar-uniquartier\/","title":{"rendered":"Official launch of Solar Uniquartier"},"content":{"rendered":"<p>On September 12 2016, Devimco Immobilier officially launched its brand new project Solar Uniquartier. Many dignitaries were present for the occasion as well as Mr Serge Goulet, president of Devimco Immobilier. Solar Uniquartier represents a one billion dollars investment and it is the first TOD (<em>Transit Oriented Development<\/em>) project in Quebec, focused on the construction of the future REM (R\u00e9seau \u00e9lectrique m\u00e9tropolitain) connecting downtown Montreal to the South Shore.<\/p>\n<p>Subscribe now to receive the information first on this major project!<\/p>\n","protected":false},"excerpt":{"rendered":"<p>On September 12 2016, Devimco Immobilier officially launched its brand new project Solar Uniquartier. Many dignitaries were present for the occasion as well as Mr Serge Goulet, president of Devimco Immobilier. Solar Uniquartier represents a one billion dollars investment and it is the first TOD (Transit Oriented Development) project in Quebec, focused on the construction [&hellip;]<\/p>\n","protected":false},"author":5,"featured_media":1253,"comment_status":"closed","ping_status":"closed","sticky":false,"template":"","format":"standard","meta":{"_acf_changed":false,"footnotes":""},"categories":[56,27],"tags":[],"class_list":["post-1263","post","type-post","status-publish","format-standard","has-post-thumbnail","hentry","category-launching","category-news","projet-solar-uniquartier-en","quartier-south-shore-brossard","vocation-office","vocation-residential-condo","vocation-retail"],"acf":[],"yoast_head":"<!-- This site is optimized with the Yoast SEO plugin v27.0 - https:\/\/yoast.com\/product\/yoast-seo-wordpress\/ -->\n<title>Official launch of Solar Uniquartier - Solar Uniquartier<\/title>\n<meta name=\"robots\" content=\"index, follow, max-snippet:-1, max-image-preview:large, max-video-preview:-1\" \/>\n<link rel=\"canonical\" href=\"https:\/\/solaruniquartier.com\/en\/official-launch-of-solar-uniquartier\/\" \/>\n<meta property=\"og:locale\" content=\"en_US\" \/>\n<meta property=\"og:type\" content=\"article\" \/>\n<meta property=\"og:title\" content=\"Official launch of Solar Uniquartier - Solar Uniquartier\" \/>\n<meta property=\"og:description\" content=\"On September 12 2016, Devimco Immobilier officially launched its brand new project Solar Uniquartier. Many dignitaries were present for the occasion as well as Mr Serge Goulet, president of Devimco Immobilier. Solar Uniquartier represents a one billion dollars investment and it is the first TOD (Transit Oriented Development) project in Quebec, focused on the construction [&hellip;]\" \/>\n<meta property=\"og:url\" content=\"https:\/\/solaruniquartier.com\/en\/official-launch-of-solar-uniquartier\/\" \/>\n<meta property=\"og:site_name\" content=\"Solar Uniquartier\" \/>\n<meta property=\"article:published_time\" content=\"2016-09-12T04:00:00+00:00\" \/>\n<meta property=\"article:modified_time\" content=\"2020-01-13T20:45:29+00:00\" \/>\n<meta property=\"og:image\" content=\"https:\/\/solaruniquartier.com\/wp-content\/uploads\/2020\/01\/commercial_3554x1281.jpg\" \/>\n\t<meta property=\"og:image:width\" content=\"3554\" \/>\n\t<meta property=\"og:image:height\" content=\"1281\" \/>\n\t<meta property=\"og:image:type\" content=\"image\/jpeg\" \/>\n<meta name=\"author\" content=\"Anouck St-Gelais\" \/>\n<meta name=\"twitter:card\" content=\"summary_large_image\" \/>\n<meta name=\"twitter:label1\" content=\"Written by\" \/>\n\t<meta name=\"twitter:data1\" content=\"Anouck St-Gelais\" \/>\n<script type=\"application\/ld+json\" class=\"yoast-schema-graph\">{\"@context\":\"https:\/\/schema.org\",\"@graph\":[{\"@type\":\"Article\",\"@id\":\"https:\/\/solaruniquartier.com\/en\/official-launch-of-solar-uniquartier\/#article\",\"isPartOf\":{\"@id\":\"https:\/\/solaruniquartier.com\/en\/official-launch-of-solar-uniquartier\/\"},\"author\":{\"name\":\"Anouck St-Gelais\",\"@id\":\"https:\/\/solaruniquartier.com\/en\/#\/schema\/person\/174f39468b2b0696d9093ec820aeea4c\"},\"headline\":\"Official launch of Solar Uniquartier\",\"datePublished\":\"2016-09-12T04:00:00+00:00\",\"dateModified\":\"2020-01-13T20:45:29+00:00\",\"mainEntityOfPage\":{\"@id\":\"https:\/\/solaruniquartier.com\/en\/official-launch-of-solar-uniquartier\/\"},\"wordCount\":85,\"image\":{\"@id\":\"https:\/\/solaruniquartier.com\/en\/official-launch-of-solar-uniquartier\/#primaryimage\"},\"thumbnailUrl\":\"https:\/\/solaruniquartier.com\/wp-content\/uploads\/2020\/01\/commercial_3554x1281.jpg\",\"articleSection\":[\"Launching\",\"News\"],\"inLanguage\":\"en-US\"},{\"@type\":\"WebPage\",\"@id\":\"https:\/\/solaruniquartier.com\/en\/official-launch-of-solar-uniquartier\/\",\"url\":\"https:\/\/solaruniquartier.com\/en\/official-launch-of-solar-uniquartier\/\",\"name\":\"Official launch of Solar Uniquartier - Solar Uniquartier\",\"isPartOf\":{\"@id\":\"https:\/\/solaruniquartier.com\/en\/#website\"},\"primaryImageOfPage\":{\"@id\":\"https:\/\/solaruniquartier.com\/en\/official-launch-of-solar-uniquartier\/#primaryimage\"},\"image\":{\"@id\":\"https:\/\/solaruniquartier.com\/en\/official-launch-of-solar-uniquartier\/#primaryimage\"},\"thumbnailUrl\":\"https:\/\/solaruniquartier.com\/wp-content\/uploads\/2020\/01\/commercial_3554x1281.jpg\",\"datePublished\":\"2016-09-12T04:00:00+00:00\",\"dateModified\":\"2020-01-13T20:45:29+00:00\",\"author\":{\"@id\":\"https:\/\/solaruniquartier.com\/en\/#\/schema\/person\/174f39468b2b0696d9093ec820aeea4c\"},\"breadcrumb\":{\"@id\":\"https:\/\/solaruniquartier.com\/en\/official-launch-of-solar-uniquartier\/#breadcrumb\"},\"inLanguage\":\"en-US\",\"potentialAction\":[{\"@type\":\"ReadAction\",\"target\":[\"https:\/\/solaruniquartier.com\/en\/official-launch-of-solar-uniquartier\/\"]}]},{\"@type\":\"ImageObject\",\"inLanguage\":\"en-US\",\"@id\":\"https:\/\/solaruniquartier.com\/en\/official-launch-of-solar-uniquartier\/#primaryimage\",\"url\":\"https:\/\/solaruniquartier.com\/wp-content\/uploads\/2020\/01\/commercial_3554x1281.jpg\",\"contentUrl\":\"https:\/\/solaruniquartier.com\/wp-content\/uploads\/2020\/01\/commercial_3554x1281.jpg\",\"width\":3554,\"height\":1281},{\"@type\":\"BreadcrumbList\",\"@id\":\"https:\/\/solaruniquartier.com\/en\/official-launch-of-solar-uniquartier\/#breadcrumb\",\"itemListElement\":[{\"@type\":\"ListItem\",\"position\":1,\"name\":\"Home\",\"item\":\"https:\/\/solaruniquartier.com\/en\/accueil-2-2\/\"},{\"@type\":\"ListItem\",\"position\":2,\"name\":\"Official launch of Solar Uniquartier\"}]},{\"@type\":\"WebSite\",\"@id\":\"https:\/\/solaruniquartier.com\/en\/#website\",\"url\":\"https:\/\/solaruniquartier.com\/en\/\",\"name\":\"Solar Uniquartier\",\"description\":\"Mieux vivre, ensemble\",\"potentialAction\":[{\"@type\":\"SearchAction\",\"target\":{\"@type\":\"EntryPoint\",\"urlTemplate\":\"https:\/\/solaruniquartier.com\/en\/?s={search_term_string}\"},\"query-input\":{\"@type\":\"PropertyValueSpecification\",\"valueRequired\":true,\"valueName\":\"search_term_string\"}}],\"inLanguage\":\"en-US\"},{\"@type\":\"Person\",\"@id\":\"https:\/\/solaruniquartier.com\/en\/#\/schema\/person\/174f39468b2b0696d9093ec820aeea4c\",\"name\":\"Anouck St-Gelais\",\"image\":{\"@type\":\"ImageObject\",\"inLanguage\":\"en-US\",\"@id\":\"https:\/\/solaruniquartier.com\/en\/#\/schema\/person\/image\/\",\"url\":\"https:\/\/secure.gravatar.com\/avatar\/24e20593482b535125a63881e98fedef126f3d520437ed958bc011f0057f9c36?s=96&d=mm&r=g\",\"contentUrl\":\"https:\/\/secure.gravatar.com\/avatar\/24e20593482b535125a63881e98fedef126f3d520437ed958bc011f0057f9c36?s=96&d=mm&r=g\",\"caption\":\"Anouck St-Gelais\"},\"url\":\"https:\/\/solaruniquartier.com\/en\/author\/anouck\/\"}]}<\/script>\n<!-- \/ Yoast SEO plugin. -->","yoast_head_json":{"title":"Official launch of Solar Uniquartier - Solar Uniquartier","robots":{"index":"index","follow":"follow","max-snippet":"max-snippet:-1","max-image-preview":"max-image-preview:large","max-video-preview":"max-video-preview:-1"},"canonical":"https:\/\/solaruniquartier.com\/en\/official-launch-of-solar-uniquartier\/","og_locale":"en_US","og_type":"article","og_title":"Official launch of Solar Uniquartier - Solar Uniquartier","og_description":"On September 12 2016, Devimco Immobilier officially launched its brand new project Solar Uniquartier. Many dignitaries were present for the occasion as well as Mr Serge Goulet, president of Devimco Immobilier. Solar Uniquartier represents a one billion dollars investment and it is the first TOD (Transit Oriented Development) project in Quebec, focused on the construction [&hellip;]","og_url":"https:\/\/solaruniquartier.com\/en\/official-launch-of-solar-uniquartier\/","og_site_name":"Solar Uniquartier","article_published_time":"2016-09-12T04:00:00+00:00","article_modified_time":"2020-01-13T20:45:29+00:00","og_image":[{"width":3554,"height":1281,"url":"https:\/\/solaruniquartier.com\/wp-content\/uploads\/2020\/01\/commercial_3554x1281.jpg","type":"image\/jpeg"}],"author":"Anouck St-Gelais","twitter_card":"summary_large_image","twitter_misc":{"Written by":"Anouck St-Gelais"},"schema":{"@context":"https:\/\/schema.org","@graph":[{"@type":"Article","@id":"https:\/\/solaruniquartier.com\/en\/official-launch-of-solar-uniquartier\/#article","isPartOf":{"@id":"https:\/\/solaruniquartier.com\/en\/official-launch-of-solar-uniquartier\/"},"author":{"name":"Anouck St-Gelais","@id":"https:\/\/solaruniquartier.com\/en\/#\/schema\/person\/174f39468b2b0696d9093ec820aeea4c"},"headline":"Official launch of Solar Uniquartier","datePublished":"2016-09-12T04:00:00+00:00","dateModified":"2020-01-13T20:45:29+00:00","mainEntityOfPage":{"@id":"https:\/\/solaruniquartier.com\/en\/official-launch-of-solar-uniquartier\/"},"wordCount":85,"image":{"@id":"https:\/\/solaruniquartier.com\/en\/official-launch-of-solar-uniquartier\/#primaryimage"},"thumbnailUrl":"https:\/\/solaruniquartier.com\/wp-content\/uploads\/2020\/01\/commercial_3554x1281.jpg","articleSection":["Launching","News"],"inLanguage":"en-US"},{"@type":"WebPage","@id":"https:\/\/solaruniquartier.com\/en\/official-launch-of-solar-uniquartier\/","url":"https:\/\/solaruniquartier.com\/en\/official-launch-of-solar-uniquartier\/","name":"Official launch of Solar Uniquartier - Solar Uniquartier","isPartOf":{"@id":"https:\/\/solaruniquartier.com\/en\/#website"},"primaryImageOfPage":{"@id":"https:\/\/solaruniquartier.com\/en\/official-launch-of-solar-uniquartier\/#primaryimage"},"image":{"@id":"https:\/\/solaruniquartier.com\/en\/official-launch-of-solar-uniquartier\/#primaryimage"},"thumbnailUrl":"https:\/\/solaruniquartier.com\/wp-content\/uploads\/2020\/01\/commercial_3554x1281.jpg","datePublished":"2016-09-12T04:00:00+00:00","dateModified":"2020-01-13T20:45:29+00:00","author":{"@id":"https:\/\/solaruniquartier.com\/en\/#\/schema\/person\/174f39468b2b0696d9093ec820aeea4c"},"breadcrumb":{"@id":"https:\/\/solaruniquartier.com\/en\/official-launch-of-solar-uniquartier\/#breadcrumb"},"inLanguage":"en-US","potentialAction":[{"@type":"ReadAction","target":["https:\/\/solaruniquartier.com\/en\/official-launch-of-solar-uniquartier\/"]}]},{"@type":"ImageObject","inLanguage":"en-US","@id":"https:\/\/solaruniquartier.com\/en\/official-launch-of-solar-uniquartier\/#primaryimage","url":"https:\/\/solaruniquartier.com\/wp-content\/uploads\/2020\/01\/commercial_3554x1281.jpg","contentUrl":"https:\/\/solaruniquartier.com\/wp-content\/uploads\/2020\/01\/commercial_3554x1281.jpg","width":3554,"height":1281},{"@type":"BreadcrumbList","@id":"https:\/\/solaruniquartier.com\/en\/official-launch-of-solar-uniquartier\/#breadcrumb","itemListElement":[{"@type":"ListItem","position":1,"name":"Home","item":"https:\/\/solaruniquartier.com\/en\/accueil-2-2\/"},{"@type":"ListItem","position":2,"name":"Official launch of Solar Uniquartier"}]},{"@type":"WebSite","@id":"https:\/\/solaruniquartier.com\/en\/#website","url":"https:\/\/solaruniquartier.com\/en\/","name":"Solar Uniquartier","description":"Mieux vivre, ensemble","potentialAction":[{"@type":"SearchAction","target":{"@type":"EntryPoint","urlTemplate":"https:\/\/solaruniquartier.com\/en\/?s={search_term_string}"},"query-input":{"@type":"PropertyValueSpecification","valueRequired":true,"valueName":"search_term_string"}}],"inLanguage":"en-US"},{"@type":"Person","@id":"https:\/\/solaruniquartier.com\/en\/#\/schema\/person\/174f39468b2b0696d9093ec820aeea4c","name":"Anouck St-Gelais","image":{"@type":"ImageObject","inLanguage":"en-US","@id":"https:\/\/solaruniquartier.com\/en\/#\/schema\/person\/image\/","url":"https:\/\/secure.gravatar.com\/avatar\/24e20593482b535125a63881e98fedef126f3d520437ed958bc011f0057f9c36?s=96&d=mm&r=g","contentUrl":"https:\/\/secure.gravatar.com\/avatar\/24e20593482b535125a63881e98fedef126f3d520437ed958bc011f0057f9c36?s=96&d=mm&r=g","caption":"Anouck St-Gelais"},"url":"https:\/\/solaruniquartier.com\/en\/author\/anouck\/"}]}},"_links":{"self":[{"href":"https:\/\/solaruniquartier.com\/en\/wp-json\/wp\/v2\/posts\/1263","targetHints":{"allow":["GET"]}}],"collection":[{"href":"https:\/\/solaruniquartier.com\/en\/wp-json\/wp\/v2\/posts"}],"about":[{"href":"https:\/\/solaruniquartier.com\/en\/wp-json\/wp\/v2\/types\/post"}],"author":[{"embeddable":true,"href":"https:\/\/solaruniquartier.com\/en\/wp-json\/wp\/v2\/users\/5"}],"replies":[{"embeddable":true,"href":"https:\/\/solaruniquartier.com\/en\/wp-json\/wp\/v2\/comments?post=1263"}],"version-history":[{"count":1,"href":"https:\/\/solaruniquartier.com\/en\/wp-json\/wp\/v2\/posts\/1263\/revisions"}],"predecessor-version":[{"id":1264,"href":"https:\/\/solaruniquartier.com\/en\/wp-json\/wp\/v2\/posts\/1263\/revisions\/1264"}],"wp:featuredmedia":[{"embeddable":true,"href":"https:\/\/solaruniquartier.com\/en\/wp-json\/wp\/v2\/media\/1253"}],"wp:attachment":[{"href":"https:\/\/solaruniquartier.com\/en\/wp-json\/wp\/v2\/media?parent=1263"}],"wp:term":[{"taxonomy":"category","embeddable":true,"href":"https:\/\/solaruniquartier.com\/en\/wp-json\/wp\/v2\/categories?post=1263"},{"taxonomy":"post_tag","embeddable":true,"href":"https:\/\/solaruniquartier.com\/en\/wp-json\/wp\/v2\/tags?post=1263"}],"curies":[{"name":"wp","href":"https:\/\/api.w.org\/{rel}","templated":true}]}}